{"id":1008498,"date":"2024-11-29T14:57:15","date_gmt":"2024-11-29T14:57:15","guid":{"rendered":"https:\/\/unpop.ces.uc.pt\/?p=1008498"},"modified":"2024-12-09T11:31:15","modified_gmt":"2024-12-09T11:31:15","slug":"humaniza-mostra-de-filmes-sobre-direitos-humanos-e-migracoes","status":"publish","type":"post","link":"https:\/\/unpop.ces.uc.pt\/en\/humaniza-mostra-de-filmes-sobre-direitos-humanos-e-migracoes\/","title":{"rendered":"HUMANIZA - Showcase of films on human rights and migrations"},"content":{"rendered":"<div id=\"impressao\"  data-column-margin=\"default\" data-midnight=\"dark\"  class=\"wpb_row vc_row-fluid vc_row\"  style=\"padding-top: 0px; padding-bottom: 0px; \"><div class=\"row-bg-wrap\" data-bg-animation=\"none\" data-bg-overlay=\"false\"><div class=\"inner-wrap\"><div class=\"row-bg viewport-desktop\"  style=\"\"><\/div><\/div><\/div><div class=\"row_col_wrap_12 col span_12 dark left\">\n\t<div  class=\"vc_col-sm-12 wpb_column column_container vc_column_container col no-extra-padding inherit_tablet inherit_phone\"  data-padding-pos=\"all\" data-has-bg-color=\"false\" data-bg-color=\"\" data-bg-opacity=\"1\" data-animation=\"\" data-delay=\"0\" >\n\t\t<div class=\"vc_column-inner\" >\n\t\t\t<div class=\"wpb_wrapper\">\n\t\t\t\t<div id=\"fws_69f5bd979706a\" data-midnight=\"\" data-column-margin=\"default\" class=\"wpb_row vc_row-fluid vc_row inner_row\"  style=\"\"><div class=\"row-bg-wrap\"> <div class=\"row-bg\" ><\/div> <\/div><div class=\"row_col_wrap_12_inner col span_12  left\">\n\t<div  class=\"vc_col-sm-10 wpb_column column_container vc_column_container col child_column no-extra-padding inherit_tablet inherit_phone\"   data-padding-pos=\"all\" data-has-bg-color=\"false\" data-bg-color=\"\" data-bg-opacity=\"1\" data-animation=\"\" data-delay=\"0\" >\n\t\t<div class=\"vc_column-inner\" >\n\t\t<div class=\"wpb_wrapper\">\n\t\t\t\n<div class=\"wpb_text_column wpb_content_element\" >\n\t<div class=\"wpb_wrapper\">\n\t\t<h4 style=\"text-align: center;\"><span style=\"color: #666699;\">This event includes the premiere of the UNPOP documentary entitled:<\/span><\/h4>\n<h2 style=\"text-align: center;\"><span style=\"color: #666699;\">Populism Performing Democracy: Collective emotions, Political narratives, and Social Identities<\/span><\/h2>\n\t<\/div>\n<\/div>\n\n\n\n<div class=\"divider-wrap\" data-alignment=\"center\"><div style=\"margin-top: 12.5px; width: 20%px; height: 2px; margin-bottom: 12.5px;\" data-width=\"20%\" data-animate=\"\" data-animation-delay=\"\" data-color=\"extra-color-1\" class=\"divider-small-border\"><\/div><\/div>\n<div class=\"wpb_text_column wpb_content_element\" >\n\t<div class=\"wpb_wrapper\">\n\t\t<h1 style=\"text-align: center;\">HUMANIZA<\/h1>\n<p>HUMANIZA is an initiative that celebrates the International Human Rights Day (10 December) and the International Migration Day (18 December). It is organised by the Inter-Thematic Group on Migration (ITM) and the UNPOP Project of the Centre for Social Studies of the University of Coimbra, in collaboration with the Cineclube de Faro and the Caminhos do Cinema Portugu\u00eas - Associa\u00e7\u00e3o de Artes Cinematogr\u00e1ficas de Coimbra. It celebrates cinema as a social and socialising art that empathetically represents and connects different cultures and identities, in a call to ensure human dignity in movement. The event marks the launch of the documentary <em>Populism performing democracy: collective emotions, political narratives, and social identities by the UNPOP Project. <\/em>do Projeto UNPOP.<\/p>\n<p>HUMANIZA will take place simultaneously in Coimbra and Faro, with screenings of films centred on migrants, focusing on their struggles and resilience. HUMANIZA emphasises the historical importance of the human right to migrate and of resisting the imposition of physical borders. The initiative also crosses geographical, institutional, academic, and symbolic boundaries in order to invite critical reflection and collective action. In this context, HUMANIZA aims to deconstruct the dehumanising narratives that so often accompany migration, as well as to amplify messages of courage, solidarity and hope. We will be joined by some of the people involved in the production of the films to discuss the meta right to migrate.<\/p>\n\t<\/div>\n<\/div>\n\n\n\n<div class=\"divider-wrap\" data-alignment=\"center\"><div style=\"margin-top: 12.5px; width: 20%px; height: 2px; margin-bottom: 12.5px;\" data-width=\"20%\" data-animate=\"\" data-animation-delay=\"\" data-color=\"extra-color-1\" class=\"divider-small-border\"><\/div><\/div>\n<div class=\"wpb_text_column wpb_content_element\" >\n\t<div class=\"wpb_wrapper\">\n\t\t<div class=\"header-event-wrapper\">\n<p>Coimbra: Casa do Cinema de Coimbra &#8211; Av. S\u00e1 da Bandeira 33 (C. Comercial Avenida)<br \/>\nFaro: CCF &#8211; Audit\u00f3rio do IPDJ, Rua da Policia de Seguran\u00e7a P\u00fablica, 1<\/p>\n<p>10 dezembro 2024 | <em>10 December 2024<br \/>\n<\/em>Entrada livre |<em> Free entry<\/em><\/p>\n<h1><strong>Programa<\/strong>\u00a0| <em>Programme<\/em><\/h1>\n<h3><strong>Sess\u00e3o <\/strong>| <em>Session<\/em><strong> 1 <\/strong>(18h00-20h30)<\/h3>\n<p>Encurtando fronteiras | <em>Shortening borders<\/em><\/p>\n<h4>Abertura | <em>Opening<\/em><\/h4>\n<p>Coimbra: Ana Filipa Neves e Jo\u00e3o R. Pais (Caminhos\u00a0do\u00a0Cinema\u00a0Portugu\u00eas)<br \/>\nFaro: Ana Miguel Regedor e Rafael Carlos Lopes (Presidente do Cineclube de Faro)<\/p>\n<ul>\n<li><em>A Short Film About Kids<\/em>, 10 min (\u00c1rabe, ingl\u00eas; legendas ingl\u00eas |Arabic, English; English subtitles)<\/li>\n<li><em>Under the Wing of a Night<\/em>, 19 min (Ucraniano; legendas Ingl\u00eas | Ukrainian; English subtitles)<\/li>\n<li><em>Terceiro Andar<\/em>, 62 min (Portugu\u00eas; legendas ingl\u00eas | Portuguese; English subtitles)<\/li>\n<\/ul>\n<h4>Debate<\/h4>\n<ul>\n<li>Coimbra:\n<ul>\n<li>Lesia Diak (Director of <em>Under The Wing Of A Night<\/em>)<\/li>\n<li>Pavlo Kravchuk (Migrante | Migrant)<\/li>\n<\/ul>\n<\/li>\n<li>Faro:\n<ul>\n<li>Luciana Fina (CIEBA | Director of <em>Terceiro Andar<\/em>)<\/li>\n<li>Oussama Boukhari (Migrante | <em>Migrant<\/em>)<\/li>\n<\/ul>\n<\/li>\n<\/ul>\n<h4><\/h4>\n<h4>Intervalo | <em>Break<\/em> (20h30-21h30)<\/h4>\n<p>&nbsp;<\/p>\n<h3><strong>Sess\u00e3o<\/strong> | <em>Session <strong>2 <\/strong><\/em>(21h30-23h30)<\/h3>\n<p>Narrativas sobre a Europa | <em>Narratives about Europe<\/em><\/p>\n<p>Introdu\u00e7\u00e3o | <em>Introduction<\/em> Cristiano Gianolla<\/p>\n<ul>\n<li>Populism performing democracy: collective emotions, political narratives, and social identities, 17 min (Ingl\u00eas; legendas Ingl\u00eas | English; English subtitles)<\/li>\n<li><em>Limits of Europe<\/em>, 98 min (Checo, Franc\u00eas; legendas Ingl\u00eas | Czech, French; English subtitles)<\/li>\n<\/ul>\n<\/div>\n\t<\/div>\n<\/div>\n\n\n\n<div class=\"divider-wrap\" data-alignment=\"center\"><div style=\"margin-top: 12.5px; width: 20%px; height: 2px; margin-bottom: 12.5px;\" data-width=\"20%\" data-animate=\"\" data-animation-delay=\"\" data-color=\"extra-color-1\" class=\"divider-small-border\"><\/div><\/div>\n<div class=\"wpb_text_column wpb_content_element\" >\n\t<div class=\"wpb_wrapper\">\n\t\t<div class=\"header-event-wrapper\">\n<h4><strong>Apoio Institucional <\/strong>| Institutional Support<\/h4>\n<p>Centro de Estudos Sociais, Universidade de Coimbra (CES)<br \/>\nCineclube de Faro\u00a0(CCF)<br \/>\nCaminhos\u00a0do\u00a0Cinema\u00a0Portugu\u00eas\u00a0&#8211;\u00a0Associa\u00e7\u00e3o\u00a0de\u00a0Artes\u00a0Cinematogr\u00e1ficas\u00a0de\u00a0Coimbra<br \/>\nGrupo Inter-Tem\u00e1tico sobre Migra\u00e7\u00f5es (ITM) do Centro de Estudos Sociais, Universidade de Coimbra (ITM)<br \/>\nProjeto UNPOP &#8211; Desmontar o Populismo: Comparando a forma\u00e7\u00e3o de narrativas da emo\u00e7\u00e3o e os seus efeitos no comportamento pol\u00edtico<\/p>\n<h4><strong>Organiza\u00e7\u00e3o ITM | Organization ITM<\/strong><\/h4>\n<p>Ana Filipa Neves (CES)<br \/>\nAna Miguel Regedor (CES\/ Instituto de Investiga\u00e7\u00e3o Interdisciplinar, Universidade de Coimbra, CCF)<br \/>\nCristiano Gianolla (CES)<br \/>\nGaia Giuliani (CES)<br \/>\nManuel Jo\u00e3o Cruz\u00a0(CES)<br \/>\nMonica de Sousa Braga\u00a0(Faculdade de Economia, Universidade de Coimbra)<br \/>\nPavlo Kravchuk\u00a0(CES\/ Faculdade de Psicologia e Ci\u00eancias da Educa\u00e7\u00e3o da Universidade de Coimbra)<br \/>\nS\u00edlvia Leiria Viegas (Centro de Investiga\u00e7\u00e3o em Artes e Comunica\u00e7\u00e3o, Universidade do Algarve)<strong><br \/>\n<\/strong><\/p>\n<p style=\"text-align: center;\"><a href=\"https:\/\/unpop.ces.uc.pt\/wp-content\/uploads\/2024\/11\/Humaniza-sinopses.pdf\"><b>Cat\u00e1logo | Catalogue<\/b><\/a><\/p>\n<\/div>\n\t<\/div>\n<\/div>\n\n\n\n\n\t\t<\/div> \n\t<\/div>\n\t<\/div> \n\n\t<div  class=\"vc_col-sm-2 wpb_column column_container vc_column_container col child_column no-extra-padding inherit_tablet inherit_phone\"   data-padding-pos=\"all\" data-has-bg-color=\"false\" data-bg-color=\"\" data-bg-opacity=\"1\" data-animation=\"\" data-delay=\"0\" >\n\t\t<div class=\"vc_column-inner\" >\n\t\t<div class=\"wpb_wrapper\">\n\t\t\t<div class='printomatic pom-small-black' id='id1342'  data-print_target='div#impressao, .impressao, h1.entry-title'><\/div><div class=\"img-with-aniamtion-wrap  custom-size\" data-max-width=\"100%\" data-max-width-mobile=\"default\" data-shadow=\"none\" data-animation=\"fade-in\" >\n      <div class=\"inner\">\n        <div class=\"hover-wrap\"> \n          <div class=\"hover-wrap-inner\">\n            <a href=\"https:\/\/unpop.ces.uc.pt\/wp-content\/uploads\/2024\/11\/Cartaz-final-com-QR-CODE-740x1024.jpg\" class=\"pp\" title=\"\">\n              <img class=\"img-with-animation skip-lazy\" data-delay=\"0\" height=\"1024\" width=\"740\" data-animation=\"fade-in\" src=\"https:\/\/unpop.ces.uc.pt\/wp-content\/uploads\/2024\/11\/Cartaz-final-com-QR-CODE-740x1024.jpg\" alt=\"\" srcset=\"https:\/\/unpop.ces.uc.pt\/wp-content\/uploads\/2024\/11\/Cartaz-final-com-QR-CODE-740x1024.jpg 740w, https:\/\/unpop.ces.uc.pt\/wp-content\/uploads\/2024\/11\/Cartaz-final-com-QR-CODE-217x300.jpg 217w, https:\/\/unpop.ces.uc.pt\/wp-content\/uploads\/2024\/11\/Cartaz-final-com-QR-CODE-768x1062.jpg 768w, https:\/\/unpop.ces.uc.pt\/wp-content\/uploads\/2024\/11\/Cartaz-final-com-QR-CODE-1110x1536.jpg 1110w, https:\/\/unpop.ces.uc.pt\/wp-content\/uploads\/2024\/11\/Cartaz-final-com-QR-CODE-1480x2048.jpg 1480w, https:\/\/unpop.ces.uc.pt\/wp-content\/uploads\/2024\/11\/Cartaz-final-com-QR-CODE-9x12.jpg 9w, https:\/\/unpop.ces.uc.pt\/wp-content\/uploads\/2024\/11\/Cartaz-final-com-QR-CODE-scaled.jpg 1851w\" sizes=\"(max-width: 740px) 100vw, 740px\" \/>\n            <\/a>\n          <\/div>\n        <\/div>\n      <\/div>\n      <\/div>\n\t\t<\/div> \n\t<\/div>\n\t<\/div> \n<\/div><\/div>\n\t\t\t<\/div> \n\t\t<\/div>\n\t<\/div> \n<\/div><\/div>","protected":false},"excerpt":{"rendered":"Este evento inclui a estreia do document\u00e1rio UNPOP intitulado: Populism Performing Democracy: Collective emotions, Political narratives, and Social Identities HUMANIZA A HUMANIZA \u00e9 uma iniciativa que celebra o Dia Internacional...","protected":false},"author":3,"featured_media":1008500,"comment_status":"closed","ping_status":"closed","sticky":false,"template":"","format":"standard","meta":[],"categories":[79],"tags":[26],"acf":[],"yoast_head":"<!-- This site is optimized with the Yoast SEO plugin v19.13 - https:\/\/yoast.com\/wordpress\/plugins\/seo\/ -->\n<title>HUMANIZA - Mostra de filmes sobre direitos humanos e migra\u00e7\u00f5es - UNPOP - UNpacking POPulism<\/title>\n<meta name=\"description\" content=\"HUMANIZA \u00e9 uma iniciativa que celebra o Dia Internacional dos Direitos Humanos (10 de dezembro) e o Dia Internacional das Migra\u00e7\u00f5es (18 de dezembro). \u00c9 organizada pelo Grupo Inter-Tem\u00e1tico sobre Migra\u00e7\u00f5es (ITM) e pelo Projeto UNPOP, do Centro de Estudos Sociais da Universidade de Coimbra, em colabora\u00e7\u00e3o com o Cineclube de Faro e a Caminhos do Cinema Portugu\u00eas - Associa\u00e7\u00e3o de Artes Cinematogr\u00e1ficas de Coimbra.\" \/>\n<meta name=\"robots\" content=\"index, follow, max-snippet:-1, max-image-preview:large, max-video-preview:-1\" \/>\n<link rel=\"canonical\" href=\"https:\/\/unpop.ces.uc.pt\/en\/humaniza-mostra-de-filmes-sobre-direitos-humanos-e-migracoes\/\" \/>\n<meta property=\"og:locale\" content=\"en_US\" \/>\n<meta property=\"og:type\" content=\"article\" \/>\n<meta property=\"og:title\" content=\"HUMANIZA - Mostra de filmes sobre direitos humanos e migra\u00e7\u00f5es - UNPOP - UNpacking POPulism\" \/>\n<meta property=\"og:description\" content=\"HUMANIZA \u00e9 uma iniciativa que celebra o Dia Internacional dos Direitos Humanos (10 de dezembro) e o Dia Internacional das Migra\u00e7\u00f5es (18 de dezembro). \u00c9 organizada pelo Grupo Inter-Tem\u00e1tico sobre Migra\u00e7\u00f5es (ITM) e pelo Projeto UNPOP, do Centro de Estudos Sociais da Universidade de Coimbra, em colabora\u00e7\u00e3o com o Cineclube de Faro e a Caminhos do Cinema Portugu\u00eas - Associa\u00e7\u00e3o de Artes Cinematogr\u00e1ficas de Coimbra.\" \/>\n<meta property=\"og:url\" content=\"https:\/\/unpop.ces.uc.pt\/en\/humaniza-mostra-de-filmes-sobre-direitos-humanos-e-migracoes\/\" \/>\n<meta property=\"og:site_name\" content=\"UNPOP - UNpacking POPulism\" \/>\n<meta property=\"article:published_time\" content=\"2024-11-29T14:57:15+00:00\" \/>\n<meta property=\"article:modified_time\" content=\"2024-12-09T11:31:15+00:00\" \/>\n<meta property=\"og:image\" content=\"https:\/\/unpop.ces.uc.pt\/wp-content\/uploads\/2024\/11\/Imagem-final-logos-mala-com-retangulo-scaled.jpg\" \/>\n\t<meta property=\"og:image:width\" content=\"1925\" \/>\n\t<meta property=\"og:image:height\" content=\"2560\" \/>\n\t<meta property=\"og:image:type\" content=\"image\/jpeg\" \/>\n<meta name=\"author\" content=\"manuelcruz\" \/>\n<meta name=\"twitter:card\" content=\"summary_large_image\" \/>\n<script type=\"application\/ld+json\" class=\"yoast-schema-graph\">{\"@context\":\"https:\/\/schema.org\",\"@graph\":[{\"@type\":\"Article\",\"@id\":\"https:\/\/unpop.ces.uc.pt\/humaniza-mostra-de-filmes-sobre-direitos-humanos-e-migracoes\/#article\",\"isPartOf\":{\"@id\":\"https:\/\/unpop.ces.uc.pt\/humaniza-mostra-de-filmes-sobre-direitos-humanos-e-migracoes\/\"},\"author\":{\"name\":\"manuelcruz\",\"@id\":\"https:\/\/unpop.ces.uc.pt\/#\/schema\/person\/9bbea44e25ddefaef01c3a690ca0d902\"},\"headline\":\"HUMANIZA &#8211; Mostra de filmes sobre direitos humanos e migra\u00e7\u00f5es\",\"datePublished\":\"2024-11-29T14:57:15+00:00\",\"dateModified\":\"2024-12-09T11:31:15+00:00\",\"mainEntityOfPage\":{\"@id\":\"https:\/\/unpop.ces.uc.pt\/humaniza-mostra-de-filmes-sobre-direitos-humanos-e-migracoes\/\"},\"wordCount\":1080,\"publisher\":{\"@id\":\"https:\/\/unpop.ces.uc.pt\/#organization\"},\"keywords\":[\"Evento\"],\"articleSection\":[\"Eventos\"],\"inLanguage\":\"en-US\"},{\"@type\":\"WebPage\",\"@id\":\"https:\/\/unpop.ces.uc.pt\/humaniza-mostra-de-filmes-sobre-direitos-humanos-e-migracoes\/\",\"url\":\"https:\/\/unpop.ces.uc.pt\/humaniza-mostra-de-filmes-sobre-direitos-humanos-e-migracoes\/\",\"name\":\"HUMANIZA - Mostra de filmes sobre direitos humanos e migra\u00e7\u00f5es - UNPOP - UNpacking POPulism\",\"isPartOf\":{\"@id\":\"https:\/\/unpop.ces.uc.pt\/#website\"},\"datePublished\":\"2024-11-29T14:57:15+00:00\",\"dateModified\":\"2024-12-09T11:31:15+00:00\",\"description\":\"HUMANIZA \u00e9 uma iniciativa que celebra o Dia Internacional dos Direitos Humanos (10 de dezembro) e o Dia Internacional das Migra\u00e7\u00f5es (18 de dezembro). \u00c9 organizada pelo Grupo Inter-Tem\u00e1tico sobre Migra\u00e7\u00f5es (ITM) e pelo Projeto UNPOP, do Centro de Estudos Sociais da Universidade de Coimbra, em colabora\u00e7\u00e3o com o Cineclube de Faro e a Caminhos do Cinema Portugu\u00eas - Associa\u00e7\u00e3o de Artes Cinematogr\u00e1ficas de Coimbra.\",\"breadcrumb\":{\"@id\":\"https:\/\/unpop.ces.uc.pt\/humaniza-mostra-de-filmes-sobre-direitos-humanos-e-migracoes\/#breadcrumb\"},\"inLanguage\":\"en-US\",\"potentialAction\":[{\"@type\":\"ReadAction\",\"target\":[\"https:\/\/unpop.ces.uc.pt\/humaniza-mostra-de-filmes-sobre-direitos-humanos-e-migracoes\/\"]}]},{\"@type\":\"BreadcrumbList\",\"@id\":\"https:\/\/unpop.ces.uc.pt\/humaniza-mostra-de-filmes-sobre-direitos-humanos-e-migracoes\/#breadcrumb\",\"itemListElement\":[{\"@type\":\"ListItem\",\"position\":1,\"name\":\"Home\",\"item\":\"https:\/\/unpop.ces.uc.pt\/\"},{\"@type\":\"ListItem\",\"position\":2,\"name\":\"HUMANIZA &#8211; Mostra de filmes sobre direitos humanos e migra\u00e7\u00f5es\"}]},{\"@type\":\"WebSite\",\"@id\":\"https:\/\/unpop.ces.uc.pt\/#website\",\"url\":\"https:\/\/unpop.ces.uc.pt\/\",\"name\":\"UNPOP - Populismo e Emo\u00e7\u00f5es\",\"description\":\"Desmontar o Populismo\",\"publisher\":{\"@id\":\"https:\/\/unpop.ces.uc.pt\/#organization\"},\"potentialAction\":[{\"@type\":\"SearchAction\",\"target\":{\"@type\":\"EntryPoint\",\"urlTemplate\":\"https:\/\/unpop.ces.uc.pt\/?s={search_term_string}\"},\"query-input\":\"required name=search_term_string\"}],\"inLanguage\":\"en-US\"},{\"@type\":\"Organization\",\"@id\":\"https:\/\/unpop.ces.uc.pt\/#organization\",\"name\":\"UNPOP - UNpacking POPulism\",\"url\":\"https:\/\/unpop.ces.uc.pt\/\",\"logo\":{\"@type\":\"ImageObject\",\"inLanguage\":\"en-US\",\"@id\":\"https:\/\/unpop.ces.uc.pt\/#\/schema\/logo\/image\/\",\"url\":\"https:\/\/unpop.ces.uc.pt\/upsite\/wp-content\/uploads\/2022\/07\/unpop-logo-text.png\",\"contentUrl\":\"https:\/\/unpop.ces.uc.pt\/upsite\/wp-content\/uploads\/2022\/07\/unpop-logo-text.png\",\"width\":200,\"height\":75,\"caption\":\"UNPOP - UNpacking POPulism\"},\"image\":{\"@id\":\"https:\/\/unpop.ces.uc.pt\/#\/schema\/logo\/image\/\"}},{\"@type\":\"Person\",\"@id\":\"https:\/\/unpop.ces.uc.pt\/#\/schema\/person\/9bbea44e25ddefaef01c3a690ca0d902\",\"name\":\"manuelcruz\",\"image\":{\"@type\":\"ImageObject\",\"inLanguage\":\"en-US\",\"@id\":\"https:\/\/unpop.ces.uc.pt\/#\/schema\/person\/image\/\",\"url\":\"https:\/\/secure.gravatar.com\/avatar\/a9283f2092db723b239285bbd1a74928?s=96&d=mm&r=g\",\"contentUrl\":\"https:\/\/secure.gravatar.com\/avatar\/a9283f2092db723b239285bbd1a74928?s=96&d=mm&r=g\",\"caption\":\"manuelcruz\"}}]}<\/script>\n<!-- \/ Yoast SEO plugin. -->","yoast_head_json":{"title":"HUMANIZA - Mostra de filmes sobre direitos humanos e migra\u00e7\u00f5es - UNPOP - UNpacking POPulism","description":"HUMANIZA \u00e9 uma iniciativa que celebra o Dia Internacional dos Direitos Humanos (10 de dezembro) e o Dia Internacional das Migra\u00e7\u00f5es (18 de dezembro). \u00c9 organizada pelo Grupo Inter-Tem\u00e1tico sobre Migra\u00e7\u00f5es (ITM) e pelo Projeto UNPOP, do Centro de Estudos Sociais da Universidade de Coimbra, em colabora\u00e7\u00e3o com o Cineclube de Faro e a Caminhos do Cinema Portugu\u00eas - Associa\u00e7\u00e3o de Artes Cinematogr\u00e1ficas de Coimbra.","robots":{"index":"index","follow":"follow","max-snippet":"max-snippet:-1","max-image-preview":"max-image-preview:large","max-video-preview":"max-video-preview:-1"},"canonical":"https:\/\/unpop.ces.uc.pt\/en\/humaniza-mostra-de-filmes-sobre-direitos-humanos-e-migracoes\/","og_locale":"en_US","og_type":"article","og_title":"HUMANIZA - Mostra de filmes sobre direitos humanos e migra\u00e7\u00f5es - UNPOP - UNpacking POPulism","og_description":"HUMANIZA \u00e9 uma iniciativa que celebra o Dia Internacional dos Direitos Humanos (10 de dezembro) e o Dia Internacional das Migra\u00e7\u00f5es (18 de dezembro). \u00c9 organizada pelo Grupo Inter-Tem\u00e1tico sobre Migra\u00e7\u00f5es (ITM) e pelo Projeto UNPOP, do Centro de Estudos Sociais da Universidade de Coimbra, em colabora\u00e7\u00e3o com o Cineclube de Faro e a Caminhos do Cinema Portugu\u00eas - Associa\u00e7\u00e3o de Artes Cinematogr\u00e1ficas de Coimbra.","og_url":"https:\/\/unpop.ces.uc.pt\/en\/humaniza-mostra-de-filmes-sobre-direitos-humanos-e-migracoes\/","og_site_name":"UNPOP - UNpacking POPulism","article_published_time":"2024-11-29T14:57:15+00:00","article_modified_time":"2024-12-09T11:31:15+00:00","og_image":[{"width":1925,"height":2560,"url":"https:\/\/unpop.ces.uc.pt\/wp-content\/uploads\/2024\/11\/Imagem-final-logos-mala-com-retangulo-scaled.jpg","type":"image\/jpeg"}],"author":"manuelcruz","twitter_card":"summary_large_image","schema":{"@context":"https:\/\/schema.org","@graph":[{"@type":"Article","@id":"https:\/\/unpop.ces.uc.pt\/humaniza-mostra-de-filmes-sobre-direitos-humanos-e-migracoes\/#article","isPartOf":{"@id":"https:\/\/unpop.ces.uc.pt\/humaniza-mostra-de-filmes-sobre-direitos-humanos-e-migracoes\/"},"author":{"name":"manuelcruz","@id":"https:\/\/unpop.ces.uc.pt\/#\/schema\/person\/9bbea44e25ddefaef01c3a690ca0d902"},"headline":"HUMANIZA &#8211; Mostra de filmes sobre direitos humanos e migra\u00e7\u00f5es","datePublished":"2024-11-29T14:57:15+00:00","dateModified":"2024-12-09T11:31:15+00:00","mainEntityOfPage":{"@id":"https:\/\/unpop.ces.uc.pt\/humaniza-mostra-de-filmes-sobre-direitos-humanos-e-migracoes\/"},"wordCount":1080,"publisher":{"@id":"https:\/\/unpop.ces.uc.pt\/#organization"},"keywords":["Evento"],"articleSection":["Eventos"],"inLanguage":"en-US"},{"@type":"WebPage","@id":"https:\/\/unpop.ces.uc.pt\/humaniza-mostra-de-filmes-sobre-direitos-humanos-e-migracoes\/","url":"https:\/\/unpop.ces.uc.pt\/humaniza-mostra-de-filmes-sobre-direitos-humanos-e-migracoes\/","name":"HUMANIZA - Mostra de filmes sobre direitos humanos e migra\u00e7\u00f5es - UNPOP - UNpacking POPulism","isPartOf":{"@id":"https:\/\/unpop.ces.uc.pt\/#website"},"datePublished":"2024-11-29T14:57:15+00:00","dateModified":"2024-12-09T11:31:15+00:00","description":"HUMANIZA \u00e9 uma iniciativa que celebra o Dia Internacional dos Direitos Humanos (10 de dezembro) e o Dia Internacional das Migra\u00e7\u00f5es (18 de dezembro). \u00c9 organizada pelo Grupo Inter-Tem\u00e1tico sobre Migra\u00e7\u00f5es (ITM) e pelo Projeto UNPOP, do Centro de Estudos Sociais da Universidade de Coimbra, em colabora\u00e7\u00e3o com o Cineclube de Faro e a Caminhos do Cinema Portugu\u00eas - Associa\u00e7\u00e3o de Artes Cinematogr\u00e1ficas de Coimbra.","breadcrumb":{"@id":"https:\/\/unpop.ces.uc.pt\/humaniza-mostra-de-filmes-sobre-direitos-humanos-e-migracoes\/#breadcrumb"},"inLanguage":"en-US","potentialAction":[{"@type":"ReadAction","target":["https:\/\/unpop.ces.uc.pt\/humaniza-mostra-de-filmes-sobre-direitos-humanos-e-migracoes\/"]}]},{"@type":"BreadcrumbList","@id":"https:\/\/unpop.ces.uc.pt\/humaniza-mostra-de-filmes-sobre-direitos-humanos-e-migracoes\/#breadcrumb","itemListElement":[{"@type":"ListItem","position":1,"name":"Home","item":"https:\/\/unpop.ces.uc.pt\/"},{"@type":"ListItem","position":2,"name":"HUMANIZA &#8211; Mostra de filmes sobre direitos humanos e migra\u00e7\u00f5es"}]},{"@type":"WebSite","@id":"https:\/\/unpop.ces.uc.pt\/#website","url":"https:\/\/unpop.ces.uc.pt\/","name":"UNPOP - Populismo e Emo\u00e7\u00f5es","description":"Desmontar o Populismo","publisher":{"@id":"https:\/\/unpop.ces.uc.pt\/#organization"},"potentialAction":[{"@type":"SearchAction","target":{"@type":"EntryPoint","urlTemplate":"https:\/\/unpop.ces.uc.pt\/?s={search_term_string}"},"query-input":"required name=search_term_string"}],"inLanguage":"en-US"},{"@type":"Organization","@id":"https:\/\/unpop.ces.uc.pt\/#organization","name":"UNPOP - UNpacking POPulism","url":"https:\/\/unpop.ces.uc.pt\/","logo":{"@type":"ImageObject","inLanguage":"en-US","@id":"https:\/\/unpop.ces.uc.pt\/#\/schema\/logo\/image\/","url":"https:\/\/unpop.ces.uc.pt\/upsite\/wp-content\/uploads\/2022\/07\/unpop-logo-text.png","contentUrl":"https:\/\/unpop.ces.uc.pt\/upsite\/wp-content\/uploads\/2022\/07\/unpop-logo-text.png","width":200,"height":75,"caption":"UNPOP - UNpacking POPulism"},"image":{"@id":"https:\/\/unpop.ces.uc.pt\/#\/schema\/logo\/image\/"}},{"@type":"Person","@id":"https:\/\/unpop.ces.uc.pt\/#\/schema\/person\/9bbea44e25ddefaef01c3a690ca0d902","name":"manuelcruz","image":{"@type":"ImageObject","inLanguage":"en-US","@id":"https:\/\/unpop.ces.uc.pt\/#\/schema\/person\/image\/","url":"https:\/\/secure.gravatar.com\/avatar\/a9283f2092db723b239285bbd1a74928?s=96&d=mm&r=g","contentUrl":"https:\/\/secure.gravatar.com\/avatar\/a9283f2092db723b239285bbd1a74928?s=96&d=mm&r=g","caption":"manuelcruz"}}]}},"_links":{"self":[{"href":"https:\/\/unpop.ces.uc.pt\/en\/wp-json\/wp\/v2\/posts\/1008498"}],"collection":[{"href":"https:\/\/unpop.ces.uc.pt\/en\/wp-json\/wp\/v2\/posts"}],"about":[{"href":"https:\/\/unpop.ces.uc.pt\/en\/wp-json\/wp\/v2\/types\/post"}],"author":[{"embeddable":true,"href":"https:\/\/unpop.ces.uc.pt\/en\/wp-json\/wp\/v2\/users\/3"}],"replies":[{"embeddable":true,"href":"https:\/\/unpop.ces.uc.pt\/en\/wp-json\/wp\/v2\/comments?post=1008498"}],"version-history":[{"count":34,"href":"https:\/\/unpop.ces.uc.pt\/en\/wp-json\/wp\/v2\/posts\/1008498\/revisions"}],"predecessor-version":[{"id":1008537,"href":"https:\/\/unpop.ces.uc.pt\/en\/wp-json\/wp\/v2\/posts\/1008498\/revisions\/1008537"}],"wp:featuredmedia":[{"embeddable":true,"href":"https:\/\/unpop.ces.uc.pt\/en\/wp-json\/wp\/v2\/media\/1008500"}],"wp:attachment":[{"href":"https:\/\/unpop.ces.uc.pt\/en\/wp-json\/wp\/v2\/media?parent=1008498"}],"wp:term":[{"taxonomy":"category","embeddable":true,"href":"https:\/\/unpop.ces.uc.pt\/en\/wp-json\/wp\/v2\/categories?post=1008498"},{"taxonomy":"post_tag","embeddable":true,"href":"https:\/\/unpop.ces.uc.pt\/en\/wp-json\/wp\/v2\/tags?post=1008498"}],"curies":[{"name":"wp","href":"https:\/\/api.w.org\/{rel}","templated":true}]}}