{"id":1008555,"date":"2025-02-25T13:32:42","date_gmt":"2025-02-25T13:32:42","guid":{"rendered":"https:\/\/unpop.ces.uc.pt\/?p=1008555"},"modified":"2025-04-10T11:29:57","modified_gmt":"2025-04-10T11:29:57","slug":"convergences-and-singularities-of-populism-democratic-backsliding-and-resilience-in-europe-and-beyond","status":"publish","type":"post","link":"https:\/\/unpop.ces.uc.pt\/en\/convergences-and-singularities-of-populism-democratic-backsliding-and-resilience-in-europe-and-beyond\/","title":{"rendered":"Convergences and singularities of Populism, Democratic Backsliding and Resilience in Europe and Beyond"},"content":{"rendered":"<div id=\"impressao\"  data-column-margin=\"default\" data-midnight=\"dark\"  class=\"wpb_row vc_row-fluid vc_row\"  style=\"padding-top: 0px; padding-bottom: 0px; \"><div class=\"row-bg-wrap\" data-bg-animation=\"none\" data-bg-overlay=\"false\"><div class=\"inner-wrap\"><div class=\"row-bg viewport-desktop\"  style=\"\"><\/div><\/div><\/div><div class=\"row_col_wrap_12 col span_12 dark left\">\n\t<div  class=\"vc_col-sm-12 wpb_column column_container vc_column_container col no-extra-padding inherit_tablet inherit_phone\"  data-padding-pos=\"all\" data-has-bg-color=\"false\" data-bg-color=\"\" data-bg-opacity=\"1\" data-animation=\"\" data-delay=\"0\" >\n\t\t<div class=\"vc_column-inner\" >\n\t\t\t<div class=\"wpb_wrapper\">\n\t\t\t\t<div id=\"fws_69f178954f441\" data-midnight=\"\" data-column-margin=\"default\" class=\"wpb_row vc_row-fluid vc_row inner_row\"  style=\"\"><div class=\"row-bg-wrap\"> <div class=\"row-bg\" ><\/div> <\/div><div class=\"row_col_wrap_12_inner col span_12  left\">\n\t<div  class=\"vc_col-sm-10 wpb_column column_container vc_column_container col child_column no-extra-padding inherit_tablet inherit_phone\"   data-padding-pos=\"all\" data-has-bg-color=\"false\" data-bg-color=\"\" data-bg-opacity=\"1\" data-animation=\"\" data-delay=\"0\" >\n\t\t<div class=\"vc_column-inner\" >\n\t\t<div class=\"wpb_wrapper\">\n\t\t\t<div class=\"divider-wrap\" data-alignment=\"center\"><div style=\"margin-top: 12.5px; width: 20%px; height: 2px; margin-bottom: 12.5px;\" data-width=\"20%\" data-animate=\"\" data-animation-delay=\"\" data-color=\"extra-color-1\" class=\"divider-small-border\"><\/div><\/div>\n<div class=\"wpb_text_column wpb_content_element\" >\n\t<div class=\"wpb_wrapper\">\n\t\t<div class=\"header-event-wrapper\">\n<h3 class=\"header-event-title default-color\">Convergences and singularities of Populism, Democratic Backsliding and Resilience in Europe and Beyond<span id=\"edit_47254\"><\/span><\/h3>\n<h4 class=\"header-event-title\">February 20, 2025, 14h00<\/h4>\n<h4 class=\"header-event-venue\">Room 1, CES | Alta<\/h4>\n<\/div>\n<div class=\"row\">\n<div id=\"main-content\" class=\"col-sm-12 col-lg-9\">\n<div id=\"ces-content\" class=\"content-wrapper\">\n<p>Populism reflects global trends and poses threats to democratic resilience in Europe and beyond. However, while this phenomenon is associated with autocratic and illiberal tendencies, it is increasingly supported by citizens and is a necessary condition for democratic politics. In other words, populism needs to be studied in terms of its entanglement with both autocratic and democratic resilience potentials. Populist actors mobilize affect through the content of their discourse, fulfilling emotional needs among citizens whose support for democracy is undermined by perceived political, social, and economic deficits. By approaching populism as a political logic that operates through affective dynamics, it is possible to understand how it leads to democratic backsliding or resilience. The comparison of country cases allows to analyse how different political cultures operate on common or different dynamics, which power dynamics, discourses and narratives articulate in different contexts. Innovation, resistance, and backsliding emerge from constructed political logics that need to be compared and properly understood. With this aim in mind, the Round Table brings together scholars from different European countries. The debate will consider how democratic institutions can better respond to the populist upsurge and how the democratic imagination can be strengthened through civic engagement and political innovation.<br \/>\nParticipants:<\/p>\n<p><strong>Bilge Yabanci<\/strong>, University of Deusto (Pais Basco), has expertise in studying the ways in which populist and autocratic actors use narratives to influence and polarize public discourse, and specifically the youth, in Portugal, Spain and Turkey.<\/p>\n<p><strong>Camil Ungureanu<\/strong>, Pompeu Fabra University (Barcelona, Spain), has experience working with the far right, cultural populism, the role of female leaders in populist phenomena and political mythologies mobilised to build political cultures in Spain and Romania.<\/p>\n<p><strong>Cristiano Gianolla<\/strong>, CES, University of Coimbra (Portugal). has experience of studying the entanglement of populism, collective emotions, political narratives and mythologies in Portugal and Italy.<\/p>\n<p><strong>Emilia Palonen<\/strong>, University of Helsinki (Finland), is expert on research on dynamics of inclusion and exclusion generated by political discourses with a focus on Finland, Hungary and the European Union.<\/p>\n<p><strong>Georgia Bulli<\/strong>, University of Florence (Italy) has expertise in the relationship between authoritarian regimes of the past and the autocratisation processes facilitated through the populist logic with a focus on Spain, Austria and Italy.<\/p>\n<p><strong>Marjoke Oosterom<\/strong>, Institute of Development Studies (Brighton, Uk), has expertise on civic-political action in contexts of populism and authoritarianism, and youth politics in the Global South including Zimbabwe, Uganda, Ethiopia, and Nigeria.<\/p>\n<p><strong>Paula Diehl<\/strong>, University of Kiel (Germany), has expertise in representative democracy and populism, and studies the scope of modern democracy by focusing on its normative predicaments. She focuses on Germany, Austria and Belgium.<\/p>\n<p>This seminar is part of a series within the\u00a0<a href=\"https:\/\/unpop.ces.uc.pt\/en\/\"><em>UNPOP project &#8211; UNpacking POPulism: Comparing the formation of emotion narratives and their effects on political behaviour<\/em><\/a>, which aims to explore how narratives of emotion allow a deeper analysis of the way populist phenomena constitute and influence political behaviour.<\/p>\n<p>Thus, the series of events developed throughout the project will address several issues involving the recent growth of populism, focusing on the role of emotions &#8211; both those considered negative such as anger and fear, and those considered positive such as hope and love &#8211; in political behaviour.<br \/>\nUNPOP is coordinated by\u00a0<a href=\"https:\/\/ces.uc.pt\/en\/ces\/pessoas\/investigadoras-es\/cristiano-gianolla\"><strong>Cristiano Gianolla<\/strong><\/a>\u00a0and\u00a0<strong>Lisete M\u00f3nico<\/strong>\u00a0and is based at the Centre for Social Studies and by\u00a0 CINEICC &#8211; Center for Research in Neuropsychology and Cognitive and Behavioral Intervention of the University of Coimbra, and is funded by the Foundation for Science and Technology (PTDC\/CPO-CPO\/3850\/2020).<\/p>\n<\/div>\n<\/div>\n<\/div>\n\t<\/div>\n<\/div>\n\n\n\n<div class=\"divider-wrap\" data-alignment=\"center\"><div style=\"margin-top: 12.5px; width: 20%px; height: 2px; margin-bottom: 12.5px;\" data-width=\"20%\" data-animate=\"\" data-animation-delay=\"\" data-color=\"extra-color-1\" class=\"divider-small-border\"><\/div><\/div>\n<div class=\"wpb_text_column wpb_content_element\" >\n\t<div class=\"wpb_wrapper\">\n\t\t<div class=\"header-event-wrapper\">\n<p>Coimbra: Casa do Cinema de Coimbra &#8211; Av. S\u00e1 da Bandeira 33 (C. Comercial Avenida)<br \/>\nFaro: CCF &#8211; Audit\u00f3rio do IPDJ, Rua da Policia de Seguran\u00e7a P\u00fablica, 1<\/p>\n<p>10 dezembro 2024 | <em>10 December 2024<br \/>\n<\/em>Entrada livre |<em> Free entry<\/em><\/p>\n<h1><strong>Programa<\/strong>\u00a0| <em>Programme<\/em><\/h1>\n<h3><strong>Sess\u00e3o <\/strong>| <em>Session<\/em><strong> 1 <\/strong>(18h00-20h30)<\/h3>\n<p>Encurtando fronteiras | <em>Shortening borders<\/em><\/p>\n<h4>Abertura | <em>Opening<\/em><\/h4>\n<p>Coimbra: Ana Filipa Neves e Jo\u00e3o R. Pais (Caminhos\u00a0do\u00a0Cinema\u00a0Portugu\u00eas)<br \/>\nFaro: Ana Miguel Regedor e Rafael Carlos Lopes (Presidente do Cineclube de Faro)<\/p>\n<ul>\n<li><em>A Short Film About Kids<\/em>, 10 min (\u00c1rabe, ingl\u00eas; legendas ingl\u00eas |Arabic, English; English subtitles)<\/li>\n<li><em>Under the Wing of a Night<\/em>, 19 min (Ucraniano; legendas Ingl\u00eas | Ukrainian; English subtitles)<\/li>\n<li><em>Terceiro Andar<\/em>, 62 min (Portugu\u00eas; legendas ingl\u00eas | Portuguese; English subtitles)<\/li>\n<\/ul>\n<h4>Debate<\/h4>\n<ul>\n<li>Coimbra:\n<ul>\n<li>Lesia Diak (Director of <em>Under The Wing Of A Night<\/em>)<\/li>\n<li>Pavlo Kravchuk (Migrante | Migrant)<\/li>\n<\/ul>\n<\/li>\n<li>Faro:\n<ul>\n<li>Luciana Fina (CIEBA | Director of <em>Terceiro Andar<\/em>)<\/li>\n<li>Oussama Boukhari (Migrante | <em>Migrant<\/em>)<\/li>\n<\/ul>\n<\/li>\n<\/ul>\n<h4><\/h4>\n<h4>Intervalo | <em>Break<\/em> (20h30-21h30)<\/h4>\n<p>&nbsp;<\/p>\n<h3><strong>Sess\u00e3o<\/strong> | <em>Session <strong>2 <\/strong><\/em>(21h30-23h30)<\/h3>\n<p>Narrativas sobre a Europa | <em>Narratives about Europe<\/em><\/p>\n<p>Introdu\u00e7\u00e3o | <em>Introduction<\/em> Cristiano Gianolla<\/p>\n<ul>\n<li>Populism performing democracy: collective emotions, political narratives, and social identities, 17 min (Ingl\u00eas; legendas Ingl\u00eas | English; English subtitles)<\/li>\n<li><em>Limits of Europe<\/em>, 98 min (Checo, Franc\u00eas; legendas Ingl\u00eas | Czech, French; English subtitles)<\/li>\n<\/ul>\n<\/div>\n\t<\/div>\n<\/div>\n\n\n\n<div class=\"divider-wrap\" data-alignment=\"center\"><div style=\"margin-top: 12.5px; width: 20%px; height: 2px; margin-bottom: 12.5px;\" data-width=\"20%\" data-animate=\"\" data-animation-delay=\"\" data-color=\"extra-color-1\" class=\"divider-small-border\"><\/div><\/div>\n<div class=\"wpb_text_column wpb_content_element\" >\n\t<div class=\"wpb_wrapper\">\n\t\t<div class=\"header-event-wrapper\">\n<h4><strong>Apoio Institucional <\/strong>| Institutional Support<\/h4>\n<p>Centro de Estudos Sociais, Universidade de Coimbra (CES)<br \/>\nCineclube de Faro\u00a0(CCF)<br \/>\nCaminhos\u00a0do\u00a0Cinema\u00a0Portugu\u00eas\u00a0&#8211;\u00a0Associa\u00e7\u00e3o\u00a0de\u00a0Artes\u00a0Cinematogr\u00e1ficas\u00a0de\u00a0Coimbra<br \/>\nGrupo Inter-Tem\u00e1tico sobre Migra\u00e7\u00f5es (ITM) do Centro de Estudos Sociais, Universidade de Coimbra (ITM)<br \/>\nProjeto UNPOP &#8211; Desmontar o Populismo: Comparando a forma\u00e7\u00e3o de narrativas da emo\u00e7\u00e3o e os seus efeitos no comportamento pol\u00edtico<\/p>\n<h4><strong>Organiza\u00e7\u00e3o ITM | Organization ITM<\/strong><\/h4>\n<p>Ana Filipa Neves (CES)<br \/>\nAna Miguel Regedor (CES\/ Instituto de Investiga\u00e7\u00e3o Interdisciplinar, Universidade de Coimbra, CCF)<br \/>\nCristiano Gianolla (CES)<br \/>\nGaia Giuliani (CES)<br \/>\nManuel Jo\u00e3o Cruz\u00a0(CES)<br \/>\nMonica de Sousa Braga\u00a0(Faculdade de Economia, Universidade de Coimbra)<br \/>\nPavlo Kravchuk\u00a0(CES\/ Faculdade de Psicologia e Ci\u00eancias da Educa\u00e7\u00e3o da Universidade de Coimbra)<br \/>\nS\u00edlvia Leiria Viegas (Centro de Investiga\u00e7\u00e3o em Artes e Comunica\u00e7\u00e3o, Universidade do Algarve)<strong><br \/>\n<\/strong><\/p>\n<p style=\"text-align: center;\"><a href=\"https:\/\/unpop.ces.uc.pt\/wp-content\/uploads\/2024\/11\/Humaniza-sinopses.pdf\"><b>Cat\u00e1logo | Catalogue<\/b><\/a><\/p>\n<\/div>\n\t<\/div>\n<\/div>\n\n\n\n\n\t\t<\/div> \n\t<\/div>\n\t<\/div> \n\n\t<div  class=\"vc_col-sm-2 wpb_column column_container vc_column_container col child_column no-extra-padding inherit_tablet inherit_phone\"   data-padding-pos=\"all\" data-has-bg-color=\"false\" data-bg-color=\"\" data-bg-opacity=\"1\" data-animation=\"\" data-delay=\"0\" >\n\t\t<div class=\"vc_column-inner\" >\n\t\t<div class=\"wpb_wrapper\">\n\t\t\t<div class='printomatic pom-small-black' id='id5734'  data-print_target='div#impressao, .impressao, h1.entry-title'><\/div><div class=\"img-with-aniamtion-wrap  custom-size\" data-max-width=\"100%\" data-max-width-mobile=\"default\" data-shadow=\"none\" data-animation=\"fade-in\" >\n      <div class=\"inner\">\n        <div class=\"hover-wrap\"> \n          <div class=\"hover-wrap-inner\">\n            <a href=\"https:\/\/unpop.ces.uc.pt\/wp-content\/uploads\/2025\/02\/47254_cartaz_-_Convergences_and_singularities_-_web-724x1024.jpg\" class=\"pp\" title=\"\">\n              <img class=\"img-with-animation skip-lazy\" data-delay=\"0\" height=\"1024\" width=\"724\" data-animation=\"fade-in\" src=\"https:\/\/unpop.ces.uc.pt\/wp-content\/uploads\/2025\/02\/47254_cartaz_-_Convergences_and_singularities_-_web-724x1024.jpg\" alt=\"\" srcset=\"https:\/\/unpop.ces.uc.pt\/wp-content\/uploads\/2025\/02\/47254_cartaz_-_Convergences_and_singularities_-_web-724x1024.jpg 724w, https:\/\/unpop.ces.uc.pt\/wp-content\/uploads\/2025\/02\/47254_cartaz_-_Convergences_and_singularities_-_web-212x300.jpg 212w, https:\/\/unpop.ces.uc.pt\/wp-content\/uploads\/2025\/02\/47254_cartaz_-_Convergences_and_singularities_-_web-768x1086.jpg 768w, https:\/\/unpop.ces.uc.pt\/wp-content\/uploads\/2025\/02\/47254_cartaz_-_Convergences_and_singularities_-_web-1086x1536.jpg 1086w, https:\/\/unpop.ces.uc.pt\/wp-content\/uploads\/2025\/02\/47254_cartaz_-_Convergences_and_singularities_-_web-8x12.jpg 8w, https:\/\/unpop.ces.uc.pt\/wp-content\/uploads\/2025\/02\/47254_cartaz_-_Convergences_and_singularities_-_web.jpg 1169w\" sizes=\"(max-width: 724px) 100vw, 724px\" \/>\n            <\/a>\n          <\/div>\n        <\/div>\n      <\/div>\n      <\/div><a href=\"https:\/\/youtu.be\/XP2ID3UM6og?si=OL4g5hPxdUE0bMVb\" data-color-override=\"false\" data-style=\"default\" data-parent-hover=\"\" data-font-style=\"p\" data-color=\"default-accent-color\" class=\"nectar-button large nectar_video_lightbox pp\"><span>Video<\/span><\/a>\n\t\t<\/div> \n\t<\/div>\n\t<\/div> \n<\/div><\/div>\n\t\t\t<\/div> \n\t\t<\/div>\n\t<\/div> \n<\/div><\/div>","protected":false},"excerpt":{"rendered":"Convergences and singularities of Populism, Democratic Backsliding and Resilience in Europe and Beyond February 20, 2025, 14h00 Room 1, CES | Alta Populism reflects global trends and poses threats to...","protected":false},"author":3,"featured_media":1008540,"comment_status":"closed","ping_status":"closed","sticky":false,"template":"","format":"standard","meta":[],"categories":[79],"tags":[26],"acf":[],"yoast_head":"<!-- This site is optimized with the Yoast SEO plugin v19.13 - https:\/\/yoast.com\/wordpress\/plugins\/seo\/ -->\n<title>Convergences and singularities of Populism, Democratic Backsliding and Resilience in Europe and Beyond - UNPOP - UNpacking POPulism<\/title>\n<meta name=\"description\" content=\"Populism reflects global trends and poses threats to democratic resilience in Europe and beyond. However, while this phenomenon is associated with autocratic and illiberal tendencies, it is increasingly supported by citizens and is a necessary condition for democratic politics. In other words, populism needs to be studied in terms of its entanglement with both autocratic and democratic resilience potentials. Populist actors mobilize affect through the content of their discourse, fulfilling emotional needs among citizens whose support for democracy is undermined by perceived political, social, and economic deficits.\" \/>\n<meta name=\"robots\" content=\"index, follow, max-snippet:-1, max-image-preview:large, max-video-preview:-1\" \/>\n<link rel=\"canonical\" href=\"https:\/\/unpop.ces.uc.pt\/en\/convergences-and-singularities-of-populism-democratic-backsliding-and-resilience-in-europe-and-beyond\/\" \/>\n<meta property=\"og:locale\" content=\"en_US\" \/>\n<meta property=\"og:type\" content=\"article\" \/>\n<meta property=\"og:title\" content=\"Convergences and singularities of Populism, Democratic Backsliding and Resilience in Europe and Beyond - UNPOP - UNpacking POPulism\" \/>\n<meta property=\"og:description\" content=\"Populism reflects global trends and poses threats to democratic resilience in Europe and beyond. However, while this phenomenon is associated with autocratic and illiberal tendencies, it is increasingly supported by citizens and is a necessary condition for democratic politics. In other words, populism needs to be studied in terms of its entanglement with both autocratic and democratic resilience potentials. Populist actors mobilize affect through the content of their discourse, fulfilling emotional needs among citizens whose support for democracy is undermined by perceived political, social, and economic deficits.\" \/>\n<meta property=\"og:url\" content=\"https:\/\/unpop.ces.uc.pt\/en\/convergences-and-singularities-of-populism-democratic-backsliding-and-resilience-in-europe-and-beyond\/\" \/>\n<meta property=\"og:site_name\" content=\"UNPOP - UNpacking POPulism\" \/>\n<meta property=\"article:published_time\" content=\"2025-02-25T13:32:42+00:00\" \/>\n<meta property=\"article:modified_time\" content=\"2025-04-10T11:29:57+00:00\" \/>\n<meta property=\"og:image\" content=\"https:\/\/unpop.ces.uc.pt\/wp-content\/uploads\/2025\/02\/47254_cartaz_-_Convergences_and_singularities_-_web.jpg\" \/>\n\t<meta property=\"og:image:width\" content=\"1169\" \/>\n\t<meta property=\"og:image:height\" content=\"1653\" \/>\n\t<meta property=\"og:image:type\" content=\"image\/jpeg\" \/>\n<meta name=\"author\" content=\"manuelcruz\" \/>\n<meta name=\"twitter:card\" content=\"summary_large_image\" \/>\n<script type=\"application\/ld+json\" class=\"yoast-schema-graph\">{\"@context\":\"https:\/\/schema.org\",\"@graph\":[{\"@type\":\"Article\",\"@id\":\"https:\/\/unpop.ces.uc.pt\/convergences-and-singularities-of-populism-democratic-backsliding-and-resilience-in-europe-and-beyond\/#article\",\"isPartOf\":{\"@id\":\"https:\/\/unpop.ces.uc.pt\/convergences-and-singularities-of-populism-democratic-backsliding-and-resilience-in-europe-and-beyond\/\"},\"author\":{\"name\":\"manuelcruz\",\"@id\":\"https:\/\/unpop.ces.uc.pt\/#\/schema\/person\/9bbea44e25ddefaef01c3a690ca0d902\"},\"headline\":\"Convergences and singularities of Populism, Democratic Backsliding and Resilience in Europe and Beyond\",\"datePublished\":\"2025-02-25T13:32:42+00:00\",\"dateModified\":\"2025-04-10T11:29:57+00:00\",\"mainEntityOfPage\":{\"@id\":\"https:\/\/unpop.ces.uc.pt\/convergences-and-singularities-of-populism-democratic-backsliding-and-resilience-in-europe-and-beyond\/\"},\"wordCount\":1426,\"publisher\":{\"@id\":\"https:\/\/unpop.ces.uc.pt\/#organization\"},\"keywords\":[\"Evento\"],\"articleSection\":[\"Eventos\"],\"inLanguage\":\"en-US\"},{\"@type\":\"WebPage\",\"@id\":\"https:\/\/unpop.ces.uc.pt\/convergences-and-singularities-of-populism-democratic-backsliding-and-resilience-in-europe-and-beyond\/\",\"url\":\"https:\/\/unpop.ces.uc.pt\/convergences-and-singularities-of-populism-democratic-backsliding-and-resilience-in-europe-and-beyond\/\",\"name\":\"Convergences and singularities of Populism, Democratic Backsliding and Resilience in Europe and Beyond - UNPOP - UNpacking POPulism\",\"isPartOf\":{\"@id\":\"https:\/\/unpop.ces.uc.pt\/#website\"},\"datePublished\":\"2025-02-25T13:32:42+00:00\",\"dateModified\":\"2025-04-10T11:29:57+00:00\",\"description\":\"Populism reflects global trends and poses threats to democratic resilience in Europe and beyond. However, while this phenomenon is associated with autocratic and illiberal tendencies, it is increasingly supported by citizens and is a necessary condition for democratic politics. In other words, populism needs to be studied in terms of its entanglement with both autocratic and democratic resilience potentials. Populist actors mobilize affect through the content of their discourse, fulfilling emotional needs among citizens whose support for democracy is undermined by perceived political, social, and economic deficits.\",\"breadcrumb\":{\"@id\":\"https:\/\/unpop.ces.uc.pt\/convergences-and-singularities-of-populism-democratic-backsliding-and-resilience-in-europe-and-beyond\/#breadcrumb\"},\"inLanguage\":\"en-US\",\"potentialAction\":[{\"@type\":\"ReadAction\",\"target\":[\"https:\/\/unpop.ces.uc.pt\/convergences-and-singularities-of-populism-democratic-backsliding-and-resilience-in-europe-and-beyond\/\"]}]},{\"@type\":\"BreadcrumbList\",\"@id\":\"https:\/\/unpop.ces.uc.pt\/convergences-and-singularities-of-populism-democratic-backsliding-and-resilience-in-europe-and-beyond\/#breadcrumb\",\"itemListElement\":[{\"@type\":\"ListItem\",\"position\":1,\"name\":\"Home\",\"item\":\"https:\/\/unpop.ces.uc.pt\/\"},{\"@type\":\"ListItem\",\"position\":2,\"name\":\"Convergences and singularities of Populism, Democratic Backsliding and Resilience in Europe and Beyond\"}]},{\"@type\":\"WebSite\",\"@id\":\"https:\/\/unpop.ces.uc.pt\/#website\",\"url\":\"https:\/\/unpop.ces.uc.pt\/\",\"name\":\"UNPOP - Populismo e Emo\u00e7\u00f5es\",\"description\":\"Desmontar o Populismo\",\"publisher\":{\"@id\":\"https:\/\/unpop.ces.uc.pt\/#organization\"},\"potentialAction\":[{\"@type\":\"SearchAction\",\"target\":{\"@type\":\"EntryPoint\",\"urlTemplate\":\"https:\/\/unpop.ces.uc.pt\/?s={search_term_string}\"},\"query-input\":\"required name=search_term_string\"}],\"inLanguage\":\"en-US\"},{\"@type\":\"Organization\",\"@id\":\"https:\/\/unpop.ces.uc.pt\/#organization\",\"name\":\"UNPOP - UNpacking POPulism\",\"url\":\"https:\/\/unpop.ces.uc.pt\/\",\"logo\":{\"@type\":\"ImageObject\",\"inLanguage\":\"en-US\",\"@id\":\"https:\/\/unpop.ces.uc.pt\/#\/schema\/logo\/image\/\",\"url\":\"https:\/\/unpop.ces.uc.pt\/upsite\/wp-content\/uploads\/2022\/07\/unpop-logo-text.png\",\"contentUrl\":\"https:\/\/unpop.ces.uc.pt\/upsite\/wp-content\/uploads\/2022\/07\/unpop-logo-text.png\",\"width\":200,\"height\":75,\"caption\":\"UNPOP - UNpacking POPulism\"},\"image\":{\"@id\":\"https:\/\/unpop.ces.uc.pt\/#\/schema\/logo\/image\/\"}},{\"@type\":\"Person\",\"@id\":\"https:\/\/unpop.ces.uc.pt\/#\/schema\/person\/9bbea44e25ddefaef01c3a690ca0d902\",\"name\":\"manuelcruz\",\"image\":{\"@type\":\"ImageObject\",\"inLanguage\":\"en-US\",\"@id\":\"https:\/\/unpop.ces.uc.pt\/#\/schema\/person\/image\/\",\"url\":\"https:\/\/secure.gravatar.com\/avatar\/a9283f2092db723b239285bbd1a74928?s=96&d=mm&r=g\",\"contentUrl\":\"https:\/\/secure.gravatar.com\/avatar\/a9283f2092db723b239285bbd1a74928?s=96&d=mm&r=g\",\"caption\":\"manuelcruz\"}}]}<\/script>\n<!-- \/ Yoast SEO plugin. -->","yoast_head_json":{"title":"Convergences and singularities of Populism, Democratic Backsliding and Resilience in Europe and Beyond - UNPOP - UNpacking POPulism","description":"Populism reflects global trends and poses threats to democratic resilience in Europe and beyond. However, while this phenomenon is associated with autocratic and illiberal tendencies, it is increasingly supported by citizens and is a necessary condition for democratic politics. In other words, populism needs to be studied in terms of its entanglement with both autocratic and democratic resilience potentials. Populist actors mobilize affect through the content of their discourse, fulfilling emotional needs among citizens whose support for democracy is undermined by perceived political, social, and economic deficits.","robots":{"index":"index","follow":"follow","max-snippet":"max-snippet:-1","max-image-preview":"max-image-preview:large","max-video-preview":"max-video-preview:-1"},"canonical":"https:\/\/unpop.ces.uc.pt\/en\/convergences-and-singularities-of-populism-democratic-backsliding-and-resilience-in-europe-and-beyond\/","og_locale":"en_US","og_type":"article","og_title":"Convergences and singularities of Populism, Democratic Backsliding and Resilience in Europe and Beyond - UNPOP - UNpacking POPulism","og_description":"Populism reflects global trends and poses threats to democratic resilience in Europe and beyond. However, while this phenomenon is associated with autocratic and illiberal tendencies, it is increasingly supported by citizens and is a necessary condition for democratic politics. In other words, populism needs to be studied in terms of its entanglement with both autocratic and democratic resilience potentials. Populist actors mobilize affect through the content of their discourse, fulfilling emotional needs among citizens whose support for democracy is undermined by perceived political, social, and economic deficits.","og_url":"https:\/\/unpop.ces.uc.pt\/en\/convergences-and-singularities-of-populism-democratic-backsliding-and-resilience-in-europe-and-beyond\/","og_site_name":"UNPOP - UNpacking POPulism","article_published_time":"2025-02-25T13:32:42+00:00","article_modified_time":"2025-04-10T11:29:57+00:00","og_image":[{"width":1169,"height":1653,"url":"https:\/\/unpop.ces.uc.pt\/wp-content\/uploads\/2025\/02\/47254_cartaz_-_Convergences_and_singularities_-_web.jpg","type":"image\/jpeg"}],"author":"manuelcruz","twitter_card":"summary_large_image","schema":{"@context":"https:\/\/schema.org","@graph":[{"@type":"Article","@id":"https:\/\/unpop.ces.uc.pt\/convergences-and-singularities-of-populism-democratic-backsliding-and-resilience-in-europe-and-beyond\/#article","isPartOf":{"@id":"https:\/\/unpop.ces.uc.pt\/convergences-and-singularities-of-populism-democratic-backsliding-and-resilience-in-europe-and-beyond\/"},"author":{"name":"manuelcruz","@id":"https:\/\/unpop.ces.uc.pt\/#\/schema\/person\/9bbea44e25ddefaef01c3a690ca0d902"},"headline":"Convergences and singularities of Populism, Democratic Backsliding and Resilience in Europe and Beyond","datePublished":"2025-02-25T13:32:42+00:00","dateModified":"2025-04-10T11:29:57+00:00","mainEntityOfPage":{"@id":"https:\/\/unpop.ces.uc.pt\/convergences-and-singularities-of-populism-democratic-backsliding-and-resilience-in-europe-and-beyond\/"},"wordCount":1426,"publisher":{"@id":"https:\/\/unpop.ces.uc.pt\/#organization"},"keywords":["Evento"],"articleSection":["Eventos"],"inLanguage":"en-US"},{"@type":"WebPage","@id":"https:\/\/unpop.ces.uc.pt\/convergences-and-singularities-of-populism-democratic-backsliding-and-resilience-in-europe-and-beyond\/","url":"https:\/\/unpop.ces.uc.pt\/convergences-and-singularities-of-populism-democratic-backsliding-and-resilience-in-europe-and-beyond\/","name":"Convergences and singularities of Populism, Democratic Backsliding and Resilience in Europe and Beyond - UNPOP - UNpacking POPulism","isPartOf":{"@id":"https:\/\/unpop.ces.uc.pt\/#website"},"datePublished":"2025-02-25T13:32:42+00:00","dateModified":"2025-04-10T11:29:57+00:00","description":"Populism reflects global trends and poses threats to democratic resilience in Europe and beyond. However, while this phenomenon is associated with autocratic and illiberal tendencies, it is increasingly supported by citizens and is a necessary condition for democratic politics. In other words, populism needs to be studied in terms of its entanglement with both autocratic and democratic resilience potentials. Populist actors mobilize affect through the content of their discourse, fulfilling emotional needs among citizens whose support for democracy is undermined by perceived political, social, and economic deficits.","breadcrumb":{"@id":"https:\/\/unpop.ces.uc.pt\/convergences-and-singularities-of-populism-democratic-backsliding-and-resilience-in-europe-and-beyond\/#breadcrumb"},"inLanguage":"en-US","potentialAction":[{"@type":"ReadAction","target":["https:\/\/unpop.ces.uc.pt\/convergences-and-singularities-of-populism-democratic-backsliding-and-resilience-in-europe-and-beyond\/"]}]},{"@type":"BreadcrumbList","@id":"https:\/\/unpop.ces.uc.pt\/convergences-and-singularities-of-populism-democratic-backsliding-and-resilience-in-europe-and-beyond\/#breadcrumb","itemListElement":[{"@type":"ListItem","position":1,"name":"Home","item":"https:\/\/unpop.ces.uc.pt\/"},{"@type":"ListItem","position":2,"name":"Convergences and singularities of Populism, Democratic Backsliding and Resilience in Europe and Beyond"}]},{"@type":"WebSite","@id":"https:\/\/unpop.ces.uc.pt\/#website","url":"https:\/\/unpop.ces.uc.pt\/","name":"UNPOP - Populismo e Emo\u00e7\u00f5es","description":"Desmontar o Populismo","publisher":{"@id":"https:\/\/unpop.ces.uc.pt\/#organization"},"potentialAction":[{"@type":"SearchAction","target":{"@type":"EntryPoint","urlTemplate":"https:\/\/unpop.ces.uc.pt\/?s={search_term_string}"},"query-input":"required name=search_term_string"}],"inLanguage":"en-US"},{"@type":"Organization","@id":"https:\/\/unpop.ces.uc.pt\/#organization","name":"UNPOP - UNpacking POPulism","url":"https:\/\/unpop.ces.uc.pt\/","logo":{"@type":"ImageObject","inLanguage":"en-US","@id":"https:\/\/unpop.ces.uc.pt\/#\/schema\/logo\/image\/","url":"https:\/\/unpop.ces.uc.pt\/upsite\/wp-content\/uploads\/2022\/07\/unpop-logo-text.png","contentUrl":"https:\/\/unpop.ces.uc.pt\/upsite\/wp-content\/uploads\/2022\/07\/unpop-logo-text.png","width":200,"height":75,"caption":"UNPOP - UNpacking POPulism"},"image":{"@id":"https:\/\/unpop.ces.uc.pt\/#\/schema\/logo\/image\/"}},{"@type":"Person","@id":"https:\/\/unpop.ces.uc.pt\/#\/schema\/person\/9bbea44e25ddefaef01c3a690ca0d902","name":"manuelcruz","image":{"@type":"ImageObject","inLanguage":"en-US","@id":"https:\/\/unpop.ces.uc.pt\/#\/schema\/person\/image\/","url":"https:\/\/secure.gravatar.com\/avatar\/a9283f2092db723b239285bbd1a74928?s=96&d=mm&r=g","contentUrl":"https:\/\/secure.gravatar.com\/avatar\/a9283f2092db723b239285bbd1a74928?s=96&d=mm&r=g","caption":"manuelcruz"}}]}},"_links":{"self":[{"href":"https:\/\/unpop.ces.uc.pt\/en\/wp-json\/wp\/v2\/posts\/1008555"}],"collection":[{"href":"https:\/\/unpop.ces.uc.pt\/en\/wp-json\/wp\/v2\/posts"}],"about":[{"href":"https:\/\/unpop.ces.uc.pt\/en\/wp-json\/wp\/v2\/types\/post"}],"author":[{"embeddable":true,"href":"https:\/\/unpop.ces.uc.pt\/en\/wp-json\/wp\/v2\/users\/3"}],"replies":[{"embeddable":true,"href":"https:\/\/unpop.ces.uc.pt\/en\/wp-json\/wp\/v2\/comments?post=1008555"}],"version-history":[{"count":3,"href":"https:\/\/unpop.ces.uc.pt\/en\/wp-json\/wp\/v2\/posts\/1008555\/revisions"}],"predecessor-version":[{"id":1008649,"href":"https:\/\/unpop.ces.uc.pt\/en\/wp-json\/wp\/v2\/posts\/1008555\/revisions\/1008649"}],"wp:featuredmedia":[{"embeddable":true,"href":"https:\/\/unpop.ces.uc.pt\/en\/wp-json\/wp\/v2\/media\/1008540"}],"wp:attachment":[{"href":"https:\/\/unpop.ces.uc.pt\/en\/wp-json\/wp\/v2\/media?parent=1008555"}],"wp:term":[{"taxonomy":"category","embeddable":true,"href":"https:\/\/unpop.ces.uc.pt\/en\/wp-json\/wp\/v2\/categories?post=1008555"},{"taxonomy":"post_tag","embeddable":true,"href":"https:\/\/unpop.ces.uc.pt\/en\/wp-json\/wp\/v2\/tags?post=1008555"}],"curies":[{"name":"wp","href":"https:\/\/api.w.org\/{rel}","templated":true}]}}